{"id":1827,"date":"2024-10-03T14:25:58","date_gmt":"2024-10-03T12:25:58","guid":{"rendered":"https:\/\/www.pochabogados.com\/factura-electronica-el-2025-tot-el-que-necessites-saber-sobre-les-noves-regulacions\/"},"modified":"2024-10-03T14:38:08","modified_gmt":"2024-10-03T12:38:08","slug":"factura-electronica-el-2025-tot-el-que-necessites-saber-sobre-les-noves-regulacions","status":"publish","type":"post","link":"https:\/\/www.pochabogados.com\/ca\/factura-electronica-el-2025-tot-el-que-necessites-saber-sobre-les-noves-regulacions\/","title":{"rendered":"Factura electr\u00f2nica el 2025: tot el que necessites saber sobre les noves regulacions"},"content":{"rendered":"\n<p>Actualment, s&#8217;est\u00e0 parlant molt sobre la implementaci\u00f3 de la factura electr\u00f2nica i la seva entrada en vigor el 2025. Va directament relacionada amb la necessitat de disposar d&#8217;un sistema inform\u00e0tic que permeti l&#8217;elaboraci\u00f3 de la factura electr\u00f2nica i sobretot l&#8217;emissi\u00f3 de dades sobre les operacions comercials realitzades, per\u00f2, encara que hi vagin relacionats, parlem de regulacions diferents <\/p>\n\n<p>D&#8217;una banda, tenim la llei 11\/2021 de lluita contra el frau fiscal, que regula els requisits que han de complir els programaris de facturaci\u00f3, i, d&#8217;altra banda, la Llei 18\/2022 de Creaci\u00f3 i Creixement, que regula la facturaci\u00f3 electr\u00f2nica.<\/p>\n\n<h2 class=\"wp-block-heading\"><strong>La Llei 11\/2021 de mesures de prevenci\u00f3 contra el frau fiscal<\/strong><\/h2>\n\n<p>Entrar\u00e0 en vigor el proper 1 de juliol de 2025. S&#8217;aprova el reglament de <a href=\"https:\/\/declarando.es\/facturas\/programas-facturacion\" target=\"_blank\" rel=\"noopener\">programes de facturaci\u00f3<\/a> i afecta les empreses de programari de facturaci\u00f3, les quals tindran fins a la data d&#8217;entrada en vigor, per complir els requisits imposats per la <a href=\"https:\/\/declarando.es\/factura-electronica\/ley-antifraude\" target=\"_blank\" rel=\"noopener\">llei antifrau<\/a> i assegurar-se que els seus sistemes de programari compleixen la normativa establerta. <\/p>\n\n<p>Les plataformes de programari han d&#8217;estar interconnectades entre elles complint amb els mateixos requisits de facturaci\u00f3, de manera que, un cop s&#8217;utilitzi la facturaci\u00f3 electr\u00f2nica, el mateix sistema garantir\u00e0 la llegibilitat de les factures, la veracitat de la identitat de l&#8217;emissor i el contingut de aquesta.<\/p>\n\n<p>Tot i que aquesta normativa va destinada a les empreses de programari, cal destacar que tots aquells empresaris o professionals que disposin d&#8217;un programari de facturaci\u00f3 s&#8217;hauran d&#8217;assegurar que el programa inform\u00e0tic compleix la normativa antifrau, sent sancionable la mera disposici\u00f3 d&#8217;un programari no actualitzat que incompleixi amb la normativa.<\/p>\n\n<h2 class=\"wp-block-heading\"><strong>Llei 18\/2022, de 28 de setembre, de creaci\u00f3 i creixement d&#8217;empresa<\/strong><\/h2>\n\n<p>Va entrar en vigor el passat octubre de 2022, encara que amb excepcions, un dels quals \u00e9s l&#8217;article 12 en qu\u00e8 es regula la factura electr\u00f2nica, el qual no entrar\u00e0 en vigor fins a un any despr\u00e9s de l&#8217;aprovaci\u00f3 del reglament de facturaci\u00f3 electr\u00f2nica, que es preveu publicar-ho al BOE durant el mes d&#8217;octubre del 2024.<\/p>\n\n<p>Les societats amb facturaci\u00f3 m\u00e9s gran de 8 milions seran les primeres a aplicar l&#8217;obligatorietat d&#8217;emetre factures electr\u00f2niques, i un any despr\u00e9s s&#8217;ampliar\u00e0 a la resta d&#8217;empresaris i professionals.<\/p>\n\n<p>Una factura electr\u00f2nica no es tracta del lliurament o l&#8217;enviament d&#8217;un document Word, PDF o Excel per via electr\u00f2nica, sin\u00f3 que consisteix en un document en format electr\u00f2nic que t\u00e9 els mateixos efectes legals que una factura de paper convencional. <\/p>\n\n<p>L&#8217;emissi\u00f3 de factures electr\u00f2niques s&#8217;haur\u00e0 d&#8217;aplicar de forma obligat\u00f2ria a les operacions entre professionals i empresaris (operacions B2B &#8211; <em>business to business<\/em> -), a excepci\u00f3 de les operacions intracomunit\u00e0ries (amb clients i prove\u00efdors d&#8217;un altre pa\u00eds de la Uni\u00f3 Europea) i operacions extracomunit\u00e0ries (exportaci\u00f3 amb pa\u00efsos de fora de la UE). <\/p>\n\n<p>En canvi, no estar\u00e0 obligat a emetre factura electr\u00f2nica a les operacions realitzades al consumidor final (operacions B2C &#8211;<em>business to consumer<\/em>-).<\/p>\n\n<p>Aix\u00ed mateix, aquells empresaris o professionals que, segons el reglament de facturaci\u00f3, puguin emetre factura simplificada, tamb\u00e9 en quedaran exempts d&#8217;emetre factura electr\u00f2nica, encara que hauran d&#8217;estar preparats perqu\u00e8 en els casos en qu\u00e8 la factura simplificada sigui qualificada, \u00e9s a dir, que la factura s&#8217;emeti un empresari o professional i, per tant, l&#8217;operaci\u00f3 B2C passa a ser B2B, ser\u00e0 de compliment obligat l&#8217;emissi\u00f3 de la factura electr\u00f2nica.<\/p>\n\n<p>Un exemple molt clar ser\u00e0 al sector de la restauraci\u00f3 o taxis, on un gran nombre d&#8217;empresaris sol\u00b7liciten factura del servei prestat per tractar-se de dietes i despeses relacionades amb la seva activitat econ\u00f2mica, i, per tant, necessiten una factura que justifiqueu aquesta despesa.<\/p>\n\n<h2 class=\"wp-block-heading\"><strong>Objectius i beneficis de la implementaci\u00f3 de la factura electr\u00f2nica<\/strong><\/h2>\n\n<p>La implementaci\u00f3 del sistema de programari de facturaci\u00f3 i la posterior entrada en vigor de la facturaci\u00f3 electr\u00f2nica permetr\u00e0 l&#8217;elaboraci\u00f3 i l&#8217;enviament de les factures als clients de manera automatitzada i immediata.<\/p>\n\n<p>L&#8217;expedici\u00f3 de la factura estar\u00e0 condicionada al consentiment del destinatari, per aix\u00f2 s&#8217;haur\u00e0 d&#8217;informar el prove\u00efdor de l&#8217;acceptaci\u00f3 o el rebuig de la factura dins dels 4 dies seg\u00fcents a la recepci\u00f3 d&#8217;aquesta, reduint aix\u00ed els errors de registre manual d&#8217;aquestes operacions i els temps que hi ha entre la data d&#8217;emissi\u00f3 i la data de recepci\u00f3 i registre d&#8217;aquesta.<\/p>\n\n<p>La interconnexi\u00f3 de les plataformes, aix\u00ed com l&#8217;enviament de tota la informaci\u00f3 de les operacions i de l&#8217;estat d&#8217;aquestes, permetran el seguiment amb dades fiables sobre les operacions realitzades i els terminis de pagament de clients a prove\u00efdors, existint un r\u00e8gim sancionador per a aquells que no compleixin els terminis establerts i aix\u00ed reduir la morositat. <\/p>\n\n<p><br\/>Amb l&#8217;entrada en vigor d&#8217;aquesta nova normativa, es pret\u00e9n que els empresaris i els professionals redueixin la seva c\u00e0rrega administrativa i es millorin els processos de facturaci\u00f3. <\/p>\n\n<p>S&#8217;espera que, a llarg termini, sigui possible la realitzaci\u00f3 automatitzada en l&#8217;emplenament de les autoliquidacions i les declaracions peri\u00f2diques amb la Hisenda P\u00fablica.<\/p>\n","protected":false},"excerpt":{"rendered":"<p>Actualment, s&#8217;est\u00e0 parlant molt sobre la implementaci\u00f3 de la factura electr\u00f2nica i la seva entrada en vigor el 2025. Va directament relacionada amb la necessitat de disposar d&#8217;un sistema inform\u00e0tic que permeti l&#8217;elaboraci\u00f3 de la factura electr\u00f2nica i sobretot l&#8217;emissi\u00f3 de dades sobre les operacions comercials realitzades, per\u00f2, encara que hi vagin relacionats, parlem de [&hellip;]<\/p>\n","protected":false},"author":7,"featured_media":1830,"comment_status":"closed","ping_status":"open","sticky":false,"template":"","format":"standard","meta":{"_et_pb_use_builder":"","_et_pb_old_content":"","_et_gb_content_width":"","footnotes":""},"categories":[64,71],"tags":[],"dipi_cpt_category":[],"class_list":["post-1827","post","type-post","status-publish","format-standard","has-post-thumbnail","hentry","category-dret-fiscal-i-comptable","category-sense-categoritzar"],"_links":{"self":[{"href":"https:\/\/www.pochabogados.com\/ca\/wp-json\/wp\/v2\/posts\/1827","targetHints":{"allow":["GET"]}}],"collection":[{"href":"https:\/\/www.pochabogados.com\/ca\/wp-json\/wp\/v2\/posts"}],"about":[{"href":"https:\/\/www.pochabogados.com\/ca\/wp-json\/wp\/v2\/types\/post"}],"author":[{"embeddable":true,"href":"https:\/\/www.pochabogados.com\/ca\/wp-json\/wp\/v2\/users\/7"}],"replies":[{"embeddable":true,"href":"https:\/\/www.pochabogados.com\/ca\/wp-json\/wp\/v2\/comments?post=1827"}],"version-history":[{"count":3,"href":"https:\/\/www.pochabogados.com\/ca\/wp-json\/wp\/v2\/posts\/1827\/revisions"}],"predecessor-version":[{"id":1833,"href":"https:\/\/www.pochabogados.com\/ca\/wp-json\/wp\/v2\/posts\/1827\/revisions\/1833"}],"wp:featuredmedia":[{"embeddable":true,"href":"https:\/\/www.pochabogados.com\/ca\/wp-json\/wp\/v2\/media\/1830"}],"wp:attachment":[{"href":"https:\/\/www.pochabogados.com\/ca\/wp-json\/wp\/v2\/media?parent=1827"}],"wp:term":[{"taxonomy":"category","embeddable":true,"href":"https:\/\/www.pochabogados.com\/ca\/wp-json\/wp\/v2\/categories?post=1827"},{"taxonomy":"post_tag","embeddable":true,"href":"https:\/\/www.pochabogados.com\/ca\/wp-json\/wp\/v2\/tags?post=1827"},{"taxonomy":"dipi_cpt_category","embeddable":true,"href":"https:\/\/www.pochabogados.com\/ca\/wp-json\/wp\/v2\/dipi_cpt_category?post=1827"}],"curies":[{"name":"wp","href":"https:\/\/api.w.org\/{rel}","templated":true}]}}