{"id":1520,"date":"2024-01-29T17:23:11","date_gmt":"2024-01-29T15:23:11","guid":{"rendered":"https:\/\/www.pochabogados.com\/el-tjue-declara-que-lextincio-dun-contracte-de-treball-per-la-declaracio-dincapacitat-permanent-total-no-pot-ser-automatica\/"},"modified":"2024-01-29T18:59:37","modified_gmt":"2024-01-29T16:59:37","slug":"el-tjue-declara-que-lextincio-dun-contracte-de-treball-per-la-declaracio-dincapacitat-permanent-total-no-pot-ser-automatica","status":"publish","type":"post","link":"https:\/\/www.pochabogados.com\/ca\/el-tjue-declara-que-lextincio-dun-contracte-de-treball-per-la-declaracio-dincapacitat-permanent-total-no-pot-ser-automatica\/","title":{"rendered":"El TJUE declara que l&#8217;extinci\u00f3 d&#8217;un contracte de treball per la declaraci\u00f3 d&#8217;incapacitat permanent total no pot ser autom\u00e0tica"},"content":{"rendered":"\n<p>El Tribunal de Just\u00edcia Europeu (TJUE) ha dictat Sent\u00e8ncia de data 18 de gener de 2024, en qu\u00e8 declara que la<strong> <\/strong>normativa espanyola que permet acomiadar una persona amb incapacitat permanent, \u00e9s contr\u00e0ria a l&#8217;art. 5 de la Directiva 2000\/78, de 27 de novembre de 2020, relativa a l&#8217;establiment d&#8217;un marc general per a la igualtat de tracte en l&#8217;ocupaci\u00f3.<\/p>\n\n<h2 class=\"wp-block-heading\"><strong>El cas en qu\u00e8 es basa la sent\u00e8ncia<\/strong><\/h2>\n\n<p><strong>El suposat fet gira entorn del cas d&#8217;un treballador, que com a conductor d&#8217;un cami\u00f3 de retirada de residus, va patir un accident laboral l&#8217;any 2016<\/strong>, fracturant-se el peu dret. L&#8217;INSS li va concedir una lesi\u00f3 permanent no invalidant, i li va denegar el reconeixement d&#8217;una incapacitat permanent total. El treballador va rec\u00f3rrer la resoluci\u00f3 de l&#8217;INSS i alhora va sol\u00b7licitar a l&#8217;empresa un canvi de lloc de treball que li permet\u00e9s treballar amb les seq\u00fceles f\u00edsiques que li havien quedat.<\/p>\n\n<p><strong>L&#8217;empresa va acordar amb el treballador un canvi de lloc de treball adaptat a les seq\u00fceles<\/strong> i a partir del 6 d&#8217;agost de 2018, va passar de treballar com a conductor de vehicles motoritzats durant tota la jornada, a treballar com a conductor al sector dels punts de recollida m\u00f2bils, que era menys exigent des del punt de vista f\u00edsic, requeria menor temps de conducci\u00f3 i era compatible amb les limitacions f\u00edsiques.<\/p>\n\n<p>El 2 de mar\u00e7 de 2020, <strong>l&#8217;INSS li va recon\u00e8ixer una incapacitat permanent total per a la seva professi\u00f3 habitual<\/strong>. En aquesta sent\u00e8ncia, s&#8217;indicava, entre altres coses, \u201camb<em> independ\u00e8ncia que el treballador hagi estat reubicat per l&#8217;empresa i pugui prestar serveis actualment perqu\u00e8 nom\u00e9s ha de conduir durant 40 minuts cada dia aproximadament, el cert \u00e9s que la situaci\u00f3 residual en qu\u00e8 ha quedat el turmell i el peu dret, li impediria realitzar aquesta conducci\u00f3 de forma continuada per al cas que s&#8217;hagu\u00e9s de dedicar de manera plena, com implica la seva professi\u00f3 habitual que ho \u00e9s de conductor de cami\u00f3\u201d<\/em>.<\/p>\n\n<p>Davant d&#8217;aquesta sent\u00e8ncia, el 13 de mar\u00e7 de 2020, l&#8217;empresa va notificar al treballador la resoluci\u00f3 del seu contracte de treball segons el que estableix l&#8217;art. 49.1.e) de l&#8217;Estatut dels Treballadors, que estableix &#8220;el contracte de treball s&#8217;extingir\u00e0 per mort, gran invalidesa o incapacitat permanent total o absoluta&#8221;.<\/p>\n\n<p><strong>El treballador va considerar que aquesta decisi\u00f3 constitu\u00efa un acomiadament discriminatori<\/strong>, per la qual cosa va interposar demanda davant el Jutjat del Social. La demanda va ser desestimada en primera inst\u00e0ncia, per la qual cosa la va rec\u00f3rrer en suplicaci\u00f3 davant del TSJ de les Balears.<\/p>\n\n<p>Davant d&#8217;aquesta situaci\u00f3, el TSJ de les Balears, partint d&#8217;una fonamentaci\u00f3 molt bona, va formular q\u00fcesti\u00f3 de prejudicialitat davant del TJUE.<\/p>\n\n<p>La sent\u00e8ncia dictada pel TJUE ent\u00e9n que la q\u00fcesti\u00f3 controvertida est\u00e0 compresa dins l\u00e0mbit daplicaci\u00f3 de la Directiva 2000\/78.<\/p>\n\n<p>En segon lloc, ent\u00e9n que, en aquest cas, es produeix una discriminaci\u00f3 per motius de discapacitat i se centra a l&#8217;art. 5 de la Directiva 2000\/78, que estableix:<em> \u201cper tal de garantir l&#8217;observan\u00e7a del principi d&#8217;igualtat de tracte en relaci\u00f3 amb les persones amb discapacitats, es realitzaran ajustos raonables. <\/em><strong><em>Aix\u00f2 significa que els empresaris prendran les mesures adequades, en funci\u00f3 de les necessitats de cada situaci\u00f3 concreta, per permetre a les persones amb discapacitats accedir a l&#8217;ocupaci\u00f3, prendre-hi part o progressar professionalment, o perqu\u00e8 se&#8217;ls ofereixi formaci\u00f3, llevat que aquestes mesures suposin una c\u00e0rrega excessiva per a l&#8217;empresari.<\/em><\/strong><em> La c\u00e0rrega no es considera excessiva quan sigui pal\u00b7liada en grau suficient mitjan\u00e7ant mesures existents a la pol\u00edtica de l&#8217;Estat membre sobre discapacitats\u201d.<\/em><\/p>\n\n<p><strong>La sent\u00e8ncia tamb\u00e9 reconeix que la normativa espanyola no obliga l&#8217;empresari a adoptar pr\u00e8viament mesures adequades en cas d&#8217;extinci\u00f3 del contracte<\/strong> sobre la base de l&#8217;art. 49.1.e) de l&#8217;Estatut dels treballadors.<\/p>\n\n<p><strong>Tamb\u00e9 assenyala, que el fet que es reconegui la incapacitat permanent total a petici\u00f3 del treballador i que aquesta doni dret a una prestaci\u00f3 de la Seguretat Social (una pensi\u00f3 mensual), conservant alhora la possibilitat de dedicar-se a l&#8217;exercici d&#8217;altres funcions, manca de rellev\u00e0ncia sobre aix\u00f2<\/strong>, at\u00e8s que si s&#8217;obliga un treballador amb discapacitat a &#8220;suportar el risc de perdre la feina per poder gaudir d&#8217;una pensi\u00f3 de la seguretat social&#8221;, s&#8217;est\u00e0 menyscabant l&#8217;efecte \u00fatil de l&#8217;art. 5 de la Directiva 2000\/78, interpretat a la llum de l&#8217;art7. 27.1 de la Convenci\u00f3 de l&#8217;ONU, segons el qual, cal salvaguardar i promoure l&#8217;exercici del dret a la feina, fins i tot per a les persones que adquireixin una discapacitat durant l&#8217;ocupaci\u00f3 i el manteniment a l&#8217;ocupaci\u00f3.<\/p>\n\n<p>Per tant, i en resposta a les q\u00fcestions prejudicials plantejades, ent\u00e9n que la facultat extintiva que recull l&#8217;art. 49.1.e) de l&#8217;Estatut dels Treballadors en cas d&#8217;incapacitat permanent, \u00e9s contrari a l&#8217;art. 5 de la Directiva 2000\/78.<\/p>\n\n<h2 class=\"wp-block-heading\"><strong>De l&#8217;an\u00e0lisi d&#8217;aquesta sent\u00e8ncia, se&#8217;n poden extreure una s\u00e8rie de conclusions:<\/strong><\/h2>\n\n<ul class=\"wp-block-list\">\n<li><strong>La resoluci\u00f3 del contracte de treball per incapacitat permanent en grau de total no pot ser autom\u00e0tica.<\/strong> <\/li>\n\n\n\n<li>En referir-se a \u201cuna incapacitat per a tota feina\u201d, semblaria que la incapacitat absoluta quedaria exclosa.<\/li>\n\n\n\n<li><strong>Abans de procedir a l&#8217;extinci\u00f3 del contracte, cal fer una avaluaci\u00f3 per determinar si s\u00f3n possibles ajustaments raonables per poder conservar l&#8217;ocupaci\u00f3 de la persona treballadora.<\/strong><\/li>\n\n\n\n<li><strong>Si s\u00f3n possibles aquests ajustaments, no es pot exigir a l&#8217;empresa que els realitzi, si suposen una \u201cc\u00e0rrega excessiva\u201d. La definici\u00f3 de \u201cc\u00e0rrega excessiva\u201d queda a l&#8217;aire, per\u00f2 \u00e9s l&#8217;empresa qui l&#8217;ha de justificar i acreditar.<\/strong><\/li>\n\n\n\n<li>En cas que al treballador se li denegui la declaraci\u00f3 d&#8217;incapacitat permanent i la recorri, l&#8217;empresa no podria acudir a l&#8217;extinci\u00f3 del contracte de treball regulada a l&#8217;art. 49.1.e) de l&#8217;ET, ja que si despr\u00e9s li concedeixen la incapacitat permanent total, podria ser motiu d&#8217;un acomiadament discriminatori, amb la conseg\u00fcent readmissi\u00f3 i la indemnitzaci\u00f3 per danys i perjudicis.<\/li>\n<\/ul>\n\n<p>En definitiva, haurem d&#8217;anar veient com es van pronunciant els tribunals espanyols sobre aquest tema. Si tens dubtes o vols que t&#8217;assessorem pel que fa a drets laborals, <a href=\"https:\/\/www.pochabogados.com\/ca\/contacte\/\" data-type=\"link\" data-id=\"https:\/\/www.pochabogados.com\/contacto\/\">contacta<\/a> amb nosaltres. <\/p>\n","protected":false},"excerpt":{"rendered":"<p>Analitzem un cas d&#8217;un treballador i com va ser la resoluci\u00f3 del contracte de treball per incapacitat, aix\u00ed com la sent\u00e8ncia del TJUE. <\/p>\n","protected":false},"author":3,"featured_media":1506,"comment_status":"open","ping_status":"open","sticky":false,"template":"","format":"standard","meta":{"_et_pb_use_builder":"","_et_pb_old_content":"","_et_gb_content_width":"","footnotes":""},"categories":[59,71],"tags":[73],"dipi_cpt_category":[],"class_list":["post-1520","post","type-post","status-publish","format-standard","has-post-thumbnail","hentry","category-dret-laboral","category-sense-categoritzar","tag-tjue-ca"],"_links":{"self":[{"href":"https:\/\/www.pochabogados.com\/ca\/wp-json\/wp\/v2\/posts\/1520","targetHints":{"allow":["GET"]}}],"collection":[{"href":"https:\/\/www.pochabogados.com\/ca\/wp-json\/wp\/v2\/posts"}],"about":[{"href":"https:\/\/www.pochabogados.com\/ca\/wp-json\/wp\/v2\/types\/post"}],"author":[{"embeddable":true,"href":"https:\/\/www.pochabogados.com\/ca\/wp-json\/wp\/v2\/users\/3"}],"replies":[{"embeddable":true,"href":"https:\/\/www.pochabogados.com\/ca\/wp-json\/wp\/v2\/comments?post=1520"}],"version-history":[{"count":5,"href":"https:\/\/www.pochabogados.com\/ca\/wp-json\/wp\/v2\/posts\/1520\/revisions"}],"predecessor-version":[{"id":1526,"href":"https:\/\/www.pochabogados.com\/ca\/wp-json\/wp\/v2\/posts\/1520\/revisions\/1526"}],"wp:featuredmedia":[{"embeddable":true,"href":"https:\/\/www.pochabogados.com\/ca\/wp-json\/wp\/v2\/media\/1506"}],"wp:attachment":[{"href":"https:\/\/www.pochabogados.com\/ca\/wp-json\/wp\/v2\/media?parent=1520"}],"wp:term":[{"taxonomy":"category","embeddable":true,"href":"https:\/\/www.pochabogados.com\/ca\/wp-json\/wp\/v2\/categories?post=1520"},{"taxonomy":"post_tag","embeddable":true,"href":"https:\/\/www.pochabogados.com\/ca\/wp-json\/wp\/v2\/tags?post=1520"},{"taxonomy":"dipi_cpt_category","embeddable":true,"href":"https:\/\/www.pochabogados.com\/ca\/wp-json\/wp\/v2\/dipi_cpt_category?post=1520"}],"curies":[{"name":"wp","href":"https:\/\/api.w.org\/{rel}","templated":true}]}}